{"id":8076,"date":"2026-09-06T12:19:33","date_gmt":"2026-09-06T10:19:33","guid":{"rendered":"https:\/\/luconjoggingnature.fr\/?p=8076"},"modified":"2026-09-06T12:22:55","modified_gmt":"2026-09-06T10:22:55","slug":"reprise-entrainement-et-don-a-louisette","status":"publish","type":"post","link":"https:\/\/luconjoggingnature.fr\/?p=8076","title":{"rendered":"Reprise Entrainement et Don \u00e0 Louisette."},"content":{"rendered":"\t\t<div data-elementor-type=\"wp-post\" data-elementor-id=\"8076\" class=\"elementor elementor-8076\">\n\t\t\t\t\t\t<section class=\"elementor-section elementor-top-section elementor-element elementor-element-0d8e0eb elementor-section-boxed elementor-section-height-default elementor-section-height-default\" data-id=\"0d8e0eb\" data-element_type=\"section\" data-e-type=\"section\">\n\t\t\t\t\t\t<div class=\"elementor-container elementor-column-gap-default\">\n\t\t\t\t\t<div class=\"elementor-column elementor-col-100 elementor-top-column elementor-element elementor-element-f4bfdcc\" data-id=\"f4bfdcc\" data-element_type=\"column\" data-e-type=\"column\">\n\t\t\t<div class=\"elementor-widget-wrap elementor-element-populated\">\n\t\t\t\t\t\t<div class=\"elementor-element elementor-element-1828947 elementor-widget elementor-widget-text-editor\" data-id=\"1828947\" data-element_type=\"widget\" data-e-type=\"widget\" data-widget_type=\"text-editor.default\">\n\t\t\t\t<div class=\"elementor-widget-container\">\n\t\t\t\t\t\t\t\t\t<h5 dir=\"auto\"><span style=\"color: #000000;\">Reprise du club Lu\u00e7on Jogging Nature le mardi 1er septembre 2026 en pr\u00e9sence de Mickael GRELIER adjoint au sport de la ville de Lu\u00e7on, de Sandra et Elodie responsables de la Soci\u00e9t\u00e9 O2 et Morgan DESFONTAINES directeur de LECLERC la BELLE VIE, les partenaires qui nous ont apport\u00e9 leur soutien pour cette 22\u00e8me \u00e9dition des plages Fautaises.<\/span><\/h5><h5 dir=\"auto\"><span style=\"color: #000000;\">Tous les b\u00e9n\u00e9fices de cette manifestation,( 2700 euros ), ont \u00e9t\u00e9 revers\u00e9 \u00e0 l&rsquo;association &lt;&lt; Les Aventures de Louisette &gt;&gt;.<\/span><\/h5>\t\t\t\t\t\t\t\t<\/div>\n\t\t\t\t<\/div>\n\t\t\t\t\t<\/div>\n\t\t<\/div>\n\t\t\t\t\t<\/div>\n\t\t<\/section>\n\t\t\t\t<section class=\"elementor-section elementor-top-section elementor-element elementor-element-e96e8c6 elementor-section-boxed elementor-section-height-default elementor-section-height-default\" data-id=\"e96e8c6\" data-element_type=\"section\" data-e-type=\"section\">\n\t\t\t\t\t\t<div class=\"elementor-container elementor-column-gap-default\">\n\t\t\t\t\t<div class=\"elementor-column elementor-col-100 elementor-top-column elementor-element elementor-element-4cb4aaf\" data-id=\"4cb4aaf\" data-element_type=\"column\" data-e-type=\"column\">\n\t\t\t<div class=\"elementor-widget-wrap elementor-element-populated\">\n\t\t\t\t\t\t<div class=\"elementor-element elementor-element-29982a9 elementor-widget elementor-widget-image\" data-id=\"29982a9\" data-element_type=\"widget\" data-e-type=\"widget\" data-widget_type=\"image.default\">\n\t\t\t\t<div class=\"elementor-widget-container\">\n\t\t\t\t\t\t\t\t\t\t\t\t\t\t\t<img fetchpriority=\"high\" decoding=\"async\" width=\"1024\" height=\"533\" src=\"https:\/\/luconjoggingnature.fr\/wp-content\/uploads\/2026\/09\/louisette-1024x533.png\" class=\"attachment-large size-large wp-image-8078\" alt=\"\" srcset=\"https:\/\/luconjoggingnature.fr\/wp-content\/uploads\/2026\/09\/louisette-1024x533.png 1024w, https:\/\/luconjoggingnature.fr\/wp-content\/uploads\/2026\/09\/louisette-300x156.png 300w, https:\/\/luconjoggingnature.fr\/wp-content\/uploads\/2026\/09\/louisette-768x400.png 768w, https:\/\/luconjoggingnature.fr\/wp-content\/uploads\/2026\/09\/louisette.png 1526w\" sizes=\"(max-width: 1024px) 100vw, 1024px\" \/>\t\t\t\t\t\t\t\t\t\t\t\t\t\t\t<\/div>\n\t\t\t\t<\/div>\n\t\t\t\t\t<\/div>\n\t\t<\/div>\n\t\t\t\t\t<\/div>\n\t\t<\/section>\n\t\t\t\t<\/div>\n\t\t","protected":false},"excerpt":{"rendered":"<p>Reprise du club Lu\u00e7on Jogging Nature le mardi 1er septembre 2026 en pr\u00e9sence de Mickael GRELIER adjoint au sport de la ville de Lu\u00e7on, de Sandra et Elodie responsables de&hellip;&nbsp;<a href=\"https:\/\/luconjoggingnature.fr\/?p=8076\" rel=\"bookmark\">Lire la suite &raquo;<span class=\"screen-reader-text\">Reprise Entrainement et Don \u00e0 Louisette.<\/span><\/a><\/p>\n","protected":false},"author":1,"featured_media":0,"comment_status":"closed","ping_status":"open","sticky":true,"template":"","format":"standard","meta":{"neve_meta_sidebar":"","neve_meta_container":"","neve_meta_enable_content_width":"","neve_meta_content_width":0,"neve_meta_title_alignment":"","neve_meta_author_avatar":"","neve_post_elements_order":"","neve_meta_disable_header":"","neve_meta_disable_footer":"","neve_meta_disable_title":"","footnotes":""},"categories":[1],"tags":[],"class_list":["post-8076","post","type-post","status-publish","format-standard","hentry","category-non-classe"],"views":7,"_links":{"self":[{"href":"https:\/\/luconjoggingnature.fr\/index.php?rest_route=\/wp\/v2\/posts\/8076","targetHints":{"allow":["GET"]}}],"collection":[{"href":"https:\/\/luconjoggingnature.fr\/index.php?rest_route=\/wp\/v2\/posts"}],"about":[{"href":"https:\/\/luconjoggingnature.fr\/index.php?rest_route=\/wp\/v2\/types\/post"}],"author":[{"embeddable":true,"href":"https:\/\/luconjoggingnature.fr\/index.php?rest_route=\/wp\/v2\/users\/1"}],"replies":[{"embeddable":true,"href":"https:\/\/luconjoggingnature.fr\/index.php?rest_route=%2Fwp%2Fv2%2Fcomments&post=8076"}],"version-history":[{"count":4,"href":"https:\/\/luconjoggingnature.fr\/index.php?rest_route=\/wp\/v2\/posts\/8076\/revisions"}],"predecessor-version":[{"id":8081,"href":"https:\/\/luconjoggingnature.fr\/index.php?rest_route=\/wp\/v2\/posts\/8076\/revisions\/8081"}],"wp:attachment":[{"href":"https:\/\/luconjoggingnature.fr\/index.php?rest_route=%2Fwp%2Fv2%2Fmedia&parent=8076"}],"wp:term":[{"taxonomy":"category","embeddable":true,"href":"https:\/\/luconjoggingnature.fr\/index.php?rest_route=%2Fwp%2Fv2%2Fcategories&post=8076"},{"taxonomy":"post_tag","embeddable":true,"href":"https:\/\/luconjoggingnature.fr\/index.php?rest_route=%2Fwp%2Fv2%2Ftags&post=8076"}],"curies":[{"name":"wp","href":"https:\/\/api.w.org\/{rel}","templated":true}]}}